{"id":2934,"date":"2022-11-08T16:47:03","date_gmt":"2022-11-08T21:47:03","guid":{"rendered":"https:\/\/cyaconsultora.com\/?p=2934"},"modified":"2023-09-18T11:52:01","modified_gmt":"2023-09-18T16:52:01","slug":"licencia-por-fallecimiento-de-familiares-en-el-sector-privado","status":"publish","type":"post","link":"https:\/\/cyaconsultora.com\/index.php\/2022\/11\/08\/licencia-por-fallecimiento-de-familiares-en-el-sector-privado\/","title":{"rendered":"LICENCIA POR FALLECIMIENTO DE FAMILIARES EN EL SECTOR PRIVADO"},"content":{"rendered":"\n<p>Seg\u00fan Ley 31602 publicada el 5 del presente, el legislador con la finalidad de establecer el derecho de los trabajadores del sector privado de gozar de una licencia por el fallecimiento de familiares en la cual se otorga una licencia por fallecimiento de c\u00f3nyuge, padres, hijos y hermanos que consta de 5 d\u00edas calendarios, de esta manera queda a potestad del empleador o acuerdo de las partes, determinar si la licencia por el fallecimiento de otros familiares distintos a los indicados textualmente en la norma ser\u00e1n con o sin goce de remuneraciones.<\/p>\n\n\n\n<p>Cabe precisar que esta norma no indica expresamente que ser\u00e1 con goce dicha licencia, pero se entiende as\u00ed.<\/p>\n\n\n\n<p>Esta medida se basa en que el sector privado no estaba regulada la licencia por fallecimiento de familiares y lo \u00fanico que exist\u00eda era que la licencia en una empresa privada se otorgaba por acuerdo de las partes o a trav\u00e9s del reglamento interno de trabajo, si as\u00ed lo contemplaba.<\/p>\n\n\n\n<p>Tal licencia se extiende hasta por el t\u00e9rmino de la distancia que establece el reglamento, en el caso de que el deceso del familiar se produzca en un lugar geogr\u00e1fico diferente de donde se ubica el centro de labores del trabajador.<\/p>\n\n\n\n<p>Los beneficios obtenidos por los trabajadores sobre licencias, por decisi\u00f3n unilateral o por convenio colectivo, se mantienen vigentes en cuanto sean m\u00e1s favorables al trabajador.<\/p>\n\n\n\n<p>As\u00ed mismo se dispone que en un plazo de 60 d\u00edas calendario el Poder Ejecutivo deber\u00e1 emitir normas complementarias, sin que ello impida la aplicaci\u00f3n y exigencia de la ley desde su vigencia que es el 06 de noviembre.<\/p>\n\n\n\n<figure class=\"wp-block-image size-large is-resized\"><img loading=\"lazy\" decoding=\"async\" src=\"https:\/\/cyaconsultora.com\/wp-content\/uploads\/2022\/11\/8-11-1024x1024.png\" alt=\"\" class=\"wp-image-2935\" width=\"430\" height=\"430\" srcset=\"https:\/\/cyaconsultora.com\/wp-content\/uploads\/2022\/11\/8-11-1024x1024.png 1024w, https:\/\/cyaconsultora.com\/wp-content\/uploads\/2022\/11\/8-11-300x300.png 300w, https:\/\/cyaconsultora.com\/wp-content\/uploads\/2022\/11\/8-11-150x150.png 150w, https:\/\/cyaconsultora.com\/wp-content\/uploads\/2022\/11\/8-11-768x768.png 768w, https:\/\/cyaconsultora.com\/wp-content\/uploads\/2022\/11\/8-11.png 1080w\" sizes=\"auto, (max-width: 430px) 100vw, 430px\" \/><\/figure>\n","protected":false},"excerpt":{"rendered":"<p>Seg\u00fan Ley 31602 publicada el 5 del presente, el legislador con la finalidad de establecer el derecho de los trabajadores del sector privado de gozar de una licencia por el fallecimiento de familiares en la cual se otorga una licencia por fallecimiento de c\u00f3nyuge, padres, hijos y hermanos que consta de 5 d\u00edas calendarios, de&hellip;&nbsp;<a href=\"https:\/\/cyaconsultora.com\/index.php\/2022\/11\/08\/licencia-por-fallecimiento-de-familiares-en-el-sector-privado\/\" class=\"\" rel=\"bookmark\">Read More &raquo;<span class=\"screen-reader-text\">LICENCIA POR FALLECIMIENTO DE FAMILIARES EN EL SECTOR PRIVADO<\/span><\/a><\/p>\n","protected":false},"author":2,"featured_media":0,"comment_status":"open","ping_status":"open","sticky":false,"template":"elementor_canvas","format":"standard","meta":{"neve_meta_sidebar":"","neve_meta_container":"","neve_meta_enable_content_width":"","neve_meta_content_width":0,"neve_meta_title_alignment":"","neve_meta_author_avatar":"","neve_post_elements_order":"","neve_meta_disable_header":"","neve_meta_disable_footer":"","neve_meta_disable_title":"","_ti_tpc_template_sync":false,"_ti_tpc_template_id":"","footnotes":""},"categories":[1],"tags":[20,21],"class_list":["post-2934","post","type-post","status-publish","format-standard","hentry","category-sin-categoria","tag-noticias","tag-post"],"yoast_head":"<!-- This site is optimized with the Yoast SEO plugin v21.1 - https:\/\/yoast.com\/wordpress\/plugins\/seo\/ -->\n<title>Collave&amp;Asociados Consultora<\/title>\n<meta name=\"description\" content=\"&quot;Potencia tu PYME con soluciones de consultor\u00eda tributaria, contable, laboral y de gesti\u00f3n empresarial. Nuestro equipo de expertos te guiar\u00e1 hacia la eficiencia, el cumplimiento y el crecimiento&quot;.\" \/>\n<meta name=\"robots\" content=\"index, follow, max-snippet:-1, max-image-preview:large, max-video-preview:-1\" \/>\n<link rel=\"canonical\" href=\"https:\/\/cyaconsultora.com\/index.php\/2022\/11\/08\/licencia-por-fallecimiento-de-familiares-en-el-sector-privado\/\" \/>\n<meta property=\"og:locale\" content=\"es_ES\" \/>\n<meta property=\"og:type\" content=\"article\" \/>\n<meta property=\"og:title\" content=\"Collave&amp;Asociados Consultora\" \/>\n<meta property=\"og:description\" content=\"&quot;Potencia tu PYME con soluciones de consultor\u00eda tributaria, contable, laboral y de gesti\u00f3n empresarial. Nuestro equipo de expertos te guiar\u00e1 hacia la eficiencia, el cumplimiento y el crecimiento&quot;.\" \/>\n<meta property=\"og:url\" content=\"https:\/\/cyaconsultora.com\/index.php\/2022\/11\/08\/licencia-por-fallecimiento-de-familiares-en-el-sector-privado\/\" \/>\n<meta property=\"article:publisher\" content=\"https:\/\/www.facebook.com\/Cyaconsultorasac\" \/>\n<meta property=\"article:published_time\" content=\"2022-11-08T21:47:03+00:00\" \/>\n<meta property=\"article:modified_time\" content=\"2023-09-18T16:52:01+00:00\" \/>\n<meta property=\"og:image\" content=\"https:\/\/cyaconsultora.com\/wp-content\/uploads\/2022\/11\/8-11-1024x1024.png\" \/>\n<meta name=\"author\" content=\"comunity\" \/>\n<meta name=\"twitter:card\" content=\"summary_large_image\" \/>\n<meta name=\"twitter:creator\" content=\"@cyaconsultora\" \/>\n<meta name=\"twitter:site\" content=\"@cyaconsultora\" \/>\n<meta name=\"twitter:label1\" content=\"Written by\" \/>\n\t<meta name=\"twitter:data1\" content=\"comunity\" \/>\n\t<meta name=\"twitter:label2\" content=\"Est. reading time\" \/>\n\t<meta name=\"twitter:data2\" content=\"2 minutos\" \/>\n<script type=\"application\/ld+json\" class=\"yoast-schema-graph\">{\"@context\":\"https:\/\/schema.org\",\"@graph\":[{\"@type\":\"Article\",\"@id\":\"https:\/\/cyaconsultora.com\/index.php\/2022\/11\/08\/licencia-por-fallecimiento-de-familiares-en-el-sector-privado\/#article\",\"isPartOf\":{\"@id\":\"https:\/\/cyaconsultora.com\/index.php\/2022\/11\/08\/licencia-por-fallecimiento-de-familiares-en-el-sector-privado\/\"},\"author\":{\"name\":\"comunity\",\"@id\":\"https:\/\/cyaconsultora.com\/#\/schema\/person\/96c7127ea4233a25ddbd3a0bd11c0d7e\"},\"headline\":\"LICENCIA POR FALLECIMIENTO DE FAMILIARES EN EL SECTOR PRIVADO\",\"datePublished\":\"2022-11-08T21:47:03+00:00\",\"dateModified\":\"2023-09-18T16:52:01+00:00\",\"mainEntityOfPage\":{\"@id\":\"https:\/\/cyaconsultora.com\/index.php\/2022\/11\/08\/licencia-por-fallecimiento-de-familiares-en-el-sector-privado\/\"},\"wordCount\":281,\"commentCount\":0,\"publisher\":{\"@id\":\"https:\/\/cyaconsultora.com\/#organization\"},\"keywords\":[\"Noticias\",\"post\"],\"inLanguage\":\"es-PE\",\"potentialAction\":[{\"@type\":\"CommentAction\",\"name\":\"Comment\",\"target\":[\"https:\/\/cyaconsultora.com\/index.php\/2022\/11\/08\/licencia-por-fallecimiento-de-familiares-en-el-sector-privado\/#respond\"]}]},{\"@type\":\"WebPage\",\"@id\":\"https:\/\/cyaconsultora.com\/index.php\/2022\/11\/08\/licencia-por-fallecimiento-de-familiares-en-el-sector-privado\/\",\"url\":\"https:\/\/cyaconsultora.com\/index.php\/2022\/11\/08\/licencia-por-fallecimiento-de-familiares-en-el-sector-privado\/\",\"name\":\"Collave&Asociados Consultora\",\"isPartOf\":{\"@id\":\"https:\/\/cyaconsultora.com\/#website\"},\"datePublished\":\"2022-11-08T21:47:03+00:00\",\"dateModified\":\"2023-09-18T16:52:01+00:00\",\"description\":\"\\\"Potencia tu PYME con soluciones de consultor\u00eda tributaria, contable, laboral y de gesti\u00f3n empresarial. Nuestro equipo de expertos te guiar\u00e1 hacia la eficiencia, el cumplimiento y el crecimiento\\\".\",\"breadcrumb\":{\"@id\":\"https:\/\/cyaconsultora.com\/index.php\/2022\/11\/08\/licencia-por-fallecimiento-de-familiares-en-el-sector-privado\/#breadcrumb\"},\"inLanguage\":\"es-PE\",\"potentialAction\":[{\"@type\":\"ReadAction\",\"target\":[\"https:\/\/cyaconsultora.com\/index.php\/2022\/11\/08\/licencia-por-fallecimiento-de-familiares-en-el-sector-privado\/\"]}]},{\"@type\":\"BreadcrumbList\",\"@id\":\"https:\/\/cyaconsultora.com\/index.php\/2022\/11\/08\/licencia-por-fallecimiento-de-familiares-en-el-sector-privado\/#breadcrumb\",\"itemListElement\":[{\"@type\":\"ListItem\",\"position\":1,\"name\":\"Portada\",\"item\":\"https:\/\/cyaconsultora.com\/\"},{\"@type\":\"ListItem\",\"position\":2,\"name\":\"LICENCIA POR FALLECIMIENTO DE FAMILIARES EN EL SECTOR PRIVADO\"}]},{\"@type\":\"WebSite\",\"@id\":\"https:\/\/cyaconsultora.com\/#website\",\"url\":\"https:\/\/cyaconsultora.com\/\",\"name\":\"Collave&Asociados Consultora\",\"description\":\"\",\"publisher\":{\"@id\":\"https:\/\/cyaconsultora.com\/#organization\"},\"potentialAction\":[{\"@type\":\"SearchAction\",\"target\":{\"@type\":\"EntryPoint\",\"urlTemplate\":\"https:\/\/cyaconsultora.com\/?s={search_term_string}\"},\"query-input\":\"required name=search_term_string\"}],\"inLanguage\":\"es-PE\"},{\"@type\":\"Organization\",\"@id\":\"https:\/\/cyaconsultora.com\/#organization\",\"name\":\"Collave&Asociados Consultora\",\"alternateName\":\"C&A\",\"url\":\"https:\/\/cyaconsultora.com\/\",\"logo\":{\"@type\":\"ImageObject\",\"inLanguage\":\"es-PE\",\"@id\":\"https:\/\/cyaconsultora.com\/#\/schema\/logo\/image\/\",\"url\":\"https:\/\/cyaconsultora.com\/wp-content\/uploads\/2021\/01\/cropped-LOGO-COLLAVE-vectorizado.png\",\"contentUrl\":\"https:\/\/cyaconsultora.com\/wp-content\/uploads\/2021\/01\/cropped-LOGO-COLLAVE-vectorizado.png\",\"width\":795,\"height\":362,\"caption\":\"Collave&Asociados Consultora\"},\"image\":{\"@id\":\"https:\/\/cyaconsultora.com\/#\/schema\/logo\/image\/\"},\"sameAs\":[\"https:\/\/www.facebook.com\/Cyaconsultorasac\",\"https:\/\/twitter.com\/cyaconsultora\",\"https:\/\/www.instagram.com\/cyaconsultora\/\",\"https:\/\/www.linkedin.com\/company\/collave-asociados-consultora\/\",\"https:\/\/www.youtube.com\/channel\/UC_xWqksE9BZ1MSBHTo_pI-Q\"]},{\"@type\":\"Person\",\"@id\":\"https:\/\/cyaconsultora.com\/#\/schema\/person\/96c7127ea4233a25ddbd3a0bd11c0d7e\",\"name\":\"comunity\",\"image\":{\"@type\":\"ImageObject\",\"inLanguage\":\"es-PE\",\"@id\":\"https:\/\/cyaconsultora.com\/#\/schema\/person\/image\/\",\"url\":\"https:\/\/secure.gravatar.com\/avatar\/1161501f65c5dea1eb8e12bd7985d859b3add1f343e1d027747182171ef08965?s=96&d=mm&r=g\",\"contentUrl\":\"https:\/\/secure.gravatar.com\/avatar\/1161501f65c5dea1eb8e12bd7985d859b3add1f343e1d027747182171ef08965?s=96&d=mm&r=g\",\"caption\":\"comunity\"},\"sameAs\":[\"http:\/\/comunity\"],\"url\":\"https:\/\/cyaconsultora.com\/index.php\/author\/comunity\/\"}]}<\/script>\n<!-- \/ Yoast SEO plugin. -->","yoast_head_json":{"title":"Collave&Asociados Consultora","description":"\"Potencia tu PYME con soluciones de consultor\u00eda tributaria, contable, laboral y de gesti\u00f3n empresarial. Nuestro equipo de expertos te guiar\u00e1 hacia la eficiencia, el cumplimiento y el crecimiento\".","robots":{"index":"index","follow":"follow","max-snippet":"max-snippet:-1","max-image-preview":"max-image-preview:large","max-video-preview":"max-video-preview:-1"},"canonical":"https:\/\/cyaconsultora.com\/index.php\/2022\/11\/08\/licencia-por-fallecimiento-de-familiares-en-el-sector-privado\/","og_locale":"es_ES","og_type":"article","og_title":"Collave&Asociados Consultora","og_description":"\"Potencia tu PYME con soluciones de consultor\u00eda tributaria, contable, laboral y de gesti\u00f3n empresarial. Nuestro equipo de expertos te guiar\u00e1 hacia la eficiencia, el cumplimiento y el crecimiento\".","og_url":"https:\/\/cyaconsultora.com\/index.php\/2022\/11\/08\/licencia-por-fallecimiento-de-familiares-en-el-sector-privado\/","article_publisher":"https:\/\/www.facebook.com\/Cyaconsultorasac","article_published_time":"2022-11-08T21:47:03+00:00","article_modified_time":"2023-09-18T16:52:01+00:00","og_image":[{"url":"https:\/\/cyaconsultora.com\/wp-content\/uploads\/2022\/11\/8-11-1024x1024.png"}],"author":"comunity","twitter_card":"summary_large_image","twitter_creator":"@cyaconsultora","twitter_site":"@cyaconsultora","twitter_misc":{"Written by":"comunity","Est. reading time":"2 minutos"},"schema":{"@context":"https:\/\/schema.org","@graph":[{"@type":"Article","@id":"https:\/\/cyaconsultora.com\/index.php\/2022\/11\/08\/licencia-por-fallecimiento-de-familiares-en-el-sector-privado\/#article","isPartOf":{"@id":"https:\/\/cyaconsultora.com\/index.php\/2022\/11\/08\/licencia-por-fallecimiento-de-familiares-en-el-sector-privado\/"},"author":{"name":"comunity","@id":"https:\/\/cyaconsultora.com\/#\/schema\/person\/96c7127ea4233a25ddbd3a0bd11c0d7e"},"headline":"LICENCIA POR FALLECIMIENTO DE FAMILIARES EN EL SECTOR PRIVADO","datePublished":"2022-11-08T21:47:03+00:00","dateModified":"2023-09-18T16:52:01+00:00","mainEntityOfPage":{"@id":"https:\/\/cyaconsultora.com\/index.php\/2022\/11\/08\/licencia-por-fallecimiento-de-familiares-en-el-sector-privado\/"},"wordCount":281,"commentCount":0,"publisher":{"@id":"https:\/\/cyaconsultora.com\/#organization"},"keywords":["Noticias","post"],"inLanguage":"es-PE","potentialAction":[{"@type":"CommentAction","name":"Comment","target":["https:\/\/cyaconsultora.com\/index.php\/2022\/11\/08\/licencia-por-fallecimiento-de-familiares-en-el-sector-privado\/#respond"]}]},{"@type":"WebPage","@id":"https:\/\/cyaconsultora.com\/index.php\/2022\/11\/08\/licencia-por-fallecimiento-de-familiares-en-el-sector-privado\/","url":"https:\/\/cyaconsultora.com\/index.php\/2022\/11\/08\/licencia-por-fallecimiento-de-familiares-en-el-sector-privado\/","name":"Collave&Asociados Consultora","isPartOf":{"@id":"https:\/\/cyaconsultora.com\/#website"},"datePublished":"2022-11-08T21:47:03+00:00","dateModified":"2023-09-18T16:52:01+00:00","description":"\"Potencia tu PYME con soluciones de consultor\u00eda tributaria, contable, laboral y de gesti\u00f3n empresarial. Nuestro equipo de expertos te guiar\u00e1 hacia la eficiencia, el cumplimiento y el crecimiento\".","breadcrumb":{"@id":"https:\/\/cyaconsultora.com\/index.php\/2022\/11\/08\/licencia-por-fallecimiento-de-familiares-en-el-sector-privado\/#breadcrumb"},"inLanguage":"es-PE","potentialAction":[{"@type":"ReadAction","target":["https:\/\/cyaconsultora.com\/index.php\/2022\/11\/08\/licencia-por-fallecimiento-de-familiares-en-el-sector-privado\/"]}]},{"@type":"BreadcrumbList","@id":"https:\/\/cyaconsultora.com\/index.php\/2022\/11\/08\/licencia-por-fallecimiento-de-familiares-en-el-sector-privado\/#breadcrumb","itemListElement":[{"@type":"ListItem","position":1,"name":"Portada","item":"https:\/\/cyaconsultora.com\/"},{"@type":"ListItem","position":2,"name":"LICENCIA POR FALLECIMIENTO DE FAMILIARES EN EL SECTOR PRIVADO"}]},{"@type":"WebSite","@id":"https:\/\/cyaconsultora.com\/#website","url":"https:\/\/cyaconsultora.com\/","name":"Collave&Asociados Consultora","description":"","publisher":{"@id":"https:\/\/cyaconsultora.com\/#organization"},"potentialAction":[{"@type":"SearchAction","target":{"@type":"EntryPoint","urlTemplate":"https:\/\/cyaconsultora.com\/?s={search_term_string}"},"query-input":"required name=search_term_string"}],"inLanguage":"es-PE"},{"@type":"Organization","@id":"https:\/\/cyaconsultora.com\/#organization","name":"Collave&Asociados Consultora","alternateName":"C&A","url":"https:\/\/cyaconsultora.com\/","logo":{"@type":"ImageObject","inLanguage":"es-PE","@id":"https:\/\/cyaconsultora.com\/#\/schema\/logo\/image\/","url":"https:\/\/cyaconsultora.com\/wp-content\/uploads\/2021\/01\/cropped-LOGO-COLLAVE-vectorizado.png","contentUrl":"https:\/\/cyaconsultora.com\/wp-content\/uploads\/2021\/01\/cropped-LOGO-COLLAVE-vectorizado.png","width":795,"height":362,"caption":"Collave&Asociados Consultora"},"image":{"@id":"https:\/\/cyaconsultora.com\/#\/schema\/logo\/image\/"},"sameAs":["https:\/\/www.facebook.com\/Cyaconsultorasac","https:\/\/twitter.com\/cyaconsultora","https:\/\/www.instagram.com\/cyaconsultora\/","https:\/\/www.linkedin.com\/company\/collave-asociados-consultora\/","https:\/\/www.youtube.com\/channel\/UC_xWqksE9BZ1MSBHTo_pI-Q"]},{"@type":"Person","@id":"https:\/\/cyaconsultora.com\/#\/schema\/person\/96c7127ea4233a25ddbd3a0bd11c0d7e","name":"comunity","image":{"@type":"ImageObject","inLanguage":"es-PE","@id":"https:\/\/cyaconsultora.com\/#\/schema\/person\/image\/","url":"https:\/\/secure.gravatar.com\/avatar\/1161501f65c5dea1eb8e12bd7985d859b3add1f343e1d027747182171ef08965?s=96&d=mm&r=g","contentUrl":"https:\/\/secure.gravatar.com\/avatar\/1161501f65c5dea1eb8e12bd7985d859b3add1f343e1d027747182171ef08965?s=96&d=mm&r=g","caption":"comunity"},"sameAs":["http:\/\/comunity"],"url":"https:\/\/cyaconsultora.com\/index.php\/author\/comunity\/"}]}},"_links":{"self":[{"href":"https:\/\/cyaconsultora.com\/index.php\/wp-json\/wp\/v2\/posts\/2934","targetHints":{"allow":["GET"]}}],"collection":[{"href":"https:\/\/cyaconsultora.com\/index.php\/wp-json\/wp\/v2\/posts"}],"about":[{"href":"https:\/\/cyaconsultora.com\/index.php\/wp-json\/wp\/v2\/types\/post"}],"author":[{"embeddable":true,"href":"https:\/\/cyaconsultora.com\/index.php\/wp-json\/wp\/v2\/users\/2"}],"replies":[{"embeddable":true,"href":"https:\/\/cyaconsultora.com\/index.php\/wp-json\/wp\/v2\/comments?post=2934"}],"version-history":[{"count":1,"href":"https:\/\/cyaconsultora.com\/index.php\/wp-json\/wp\/v2\/posts\/2934\/revisions"}],"predecessor-version":[{"id":2936,"href":"https:\/\/cyaconsultora.com\/index.php\/wp-json\/wp\/v2\/posts\/2934\/revisions\/2936"}],"wp:attachment":[{"href":"https:\/\/cyaconsultora.com\/index.php\/wp-json\/wp\/v2\/media?parent=2934"}],"wp:term":[{"taxonomy":"category","embeddable":true,"href":"https:\/\/cyaconsultora.com\/index.php\/wp-json\/wp\/v2\/categories?post=2934"},{"taxonomy":"post_tag","embeddable":true,"href":"https:\/\/cyaconsultora.com\/index.php\/wp-json\/wp\/v2\/tags?post=2934"}],"curies":[{"name":"wp","href":"https:\/\/api.w.org\/{rel}","templated":true}]}}