{"id":2594,"date":"2021-02-23T07:55:33","date_gmt":"2021-02-23T12:55:33","guid":{"rendered":"https:\/\/cyaconsultora.com\/?p=2594"},"modified":"2021-02-23T07:55:35","modified_gmt":"2021-02-23T12:55:35","slug":"modifican-decreto-de-urgencia-del-otorgmiento-de-subsidio-para-recuperacion-de-empleo-formal-y-otras-medidas","status":"publish","type":"post","link":"https:\/\/cyaconsultora.com\/index.php\/2021\/02\/23\/modifican-decreto-de-urgencia-del-otorgmiento-de-subsidio-para-recuperacion-de-empleo-formal-y-otras-medidas\/","title":{"rendered":"MODIFICAN DECRETO DE URGENCIA DEL OTORGMIENTO DE SUBSIDIO PARA RECUPERACION DE EMPLEO FORMAL Y OTRAS MEDIDAS."},"content":{"rendered":"\n<p>Mediante el Decreto Urgencia 020-2021 publicado el 17 del presente modifican diversos art\u00edculos del Decreto de Urgencia N\u00ba 127-2020 que establece el otorgamiento de subsidios para la recuperaci\u00f3n del empleo formal en el sector privado, referido a:<\/p>\n\n\n\n<p>Art. 5 Requisitos para ser empleador elegible, en la cual el cambio es b\u00e1sicamente el&nbsp; orden de los numerales de dicho art\u00edculo en la cual quedan actualmente con 4 numerales que permite un mejor entendimiento, manteni\u00e9ndose los mismo requisitos que el Decreto de urgencia original donde los ingresos netos de abril y mayo 2020 tiene que ser inferiores al menos en 20% de los ingresos netos de los mismo&nbsp;&nbsp;&nbsp;&nbsp; meses del a\u00f1o anterior, haber pagado las remuneraciones por el mes que se calcula el subsidio, haber efectuado la declaraci\u00f3n en pdt plame de las contribuciones de Es Salud y retenci\u00f3n de impuesto a la renta, Estar activo y habido el ruc al \u00faltimo d\u00eda del mes de corte, no estar comprendido en los alcances de la ley 30737 que exige pago por reparaci\u00f3n civil a favor del estado peruano y no tener deuda m\u00e1s de 10% de UIT y no estar inhabilitado para contratar con el estado.<\/p>\n\n\n\n<p>As\u00ed mismo modifican el art. 6 y 8 del decreto de urgencia 127-2020 b\u00e1sicamente en art. 6 se mantiene la determinaci\u00f3n de los empleadores elegibles,&nbsp;&nbsp; y en Art. 8 ac\u00e1pite 8.3 precis\u00e1ndose que Ministerio de trabajo env\u00eda mensualmente el nro. De dni a renic por trabajadores nacionales y si son extranjeros a Migraciones,<\/p>\n\n\n\n<p>En su art. 9 tr\u00e1mite para desembolso, aqu\u00ed se ordena en dos ac\u00e1pites 9.1, 9.2, donde tambi\u00e9n se considera dos requisitos para el desembolso que son: No tener condici\u00f3n de inversionista en marco de contrato de asociaci\u00f3n publica privada y no tener en tr\u00e1mite una terminaci\u00f3n colectiva de contratos de trabajo durante el periodo en que se realizan los pagos al subsidio.<\/p>\n\n\n\n<p>Pues estos son requisitos que en el decreto de urgencia 127-2020 solo contemplaba para ser elegible y actualmente es para ser elegible como para el desembolso.<\/p>\n\n\n\n<p>Cabe mencionar que hasta el momento Sunat no ha enviado su lista de trabajadores elegibles a Mintra y adem\u00e1s de publiquen normas complementarias para su aplicaci\u00f3n.<\/p>\n","protected":false},"excerpt":{"rendered":"<p>Mediante el Decreto Urgencia 020-2021 publicado el 17 del presente modifican diversos art\u00edculos del Decreto de Urgencia N\u00ba 127-2020 que establece el otorgamiento de subsidios para la recuperaci\u00f3n del empleo formal en el sector privado, referido a: Art. 5 Requisitos para ser empleador elegible, en la cual el cambio es b\u00e1sicamente el&nbsp; orden de los&hellip;&nbsp;<a href=\"https:\/\/cyaconsultora.com\/index.php\/2021\/02\/23\/modifican-decreto-de-urgencia-del-otorgmiento-de-subsidio-para-recuperacion-de-empleo-formal-y-otras-medidas\/\" class=\"\" rel=\"bookmark\">Read More &raquo;<span class=\"screen-reader-text\">MODIFICAN DECRETO DE URGENCIA DEL OTORGMIENTO DE SUBSIDIO PARA RECUPERACION DE EMPLEO FORMAL Y OTRAS MEDIDAS.<\/span><\/a><\/p>\n","protected":false},"author":2,"featured_media":2595,"comment_status":"open","ping_status":"open","sticky":false,"template":"","format":"standard","meta":{"neve_meta_sidebar":"full-width","neve_meta_container":"","neve_meta_enable_content_width":"","neve_meta_content_width":0,"neve_meta_title_alignment":"","neve_meta_author_avatar":"","neve_post_elements_order":"","neve_meta_disable_header":"","neve_meta_disable_footer":"","neve_meta_disable_title":"","_ti_tpc_template_sync":false,"_ti_tpc_template_id":"","footnotes":""},"categories":[1],"tags":[],"class_list":["post-2594","post","type-post","status-publish","format-standard","has-post-thumbnail","hentry","category-sin-categoria"],"yoast_head":"<!-- This site is optimized with the Yoast SEO plugin v21.1 - https:\/\/yoast.com\/wordpress\/plugins\/seo\/ -->\n<title>Collave&amp;Asociados Consultora<\/title>\n<meta name=\"description\" content=\"&quot;Potencia tu PYME con soluciones de consultor\u00eda tributaria, contable, laboral y de gesti\u00f3n empresarial. Nuestro equipo de expertos te guiar\u00e1 hacia la eficiencia, el cumplimiento y el crecimiento&quot;.\" \/>\n<meta name=\"robots\" content=\"index, follow, max-snippet:-1, max-image-preview:large, max-video-preview:-1\" \/>\n<link rel=\"canonical\" href=\"https:\/\/cyaconsultora.com\/index.php\/2021\/02\/23\/modifican-decreto-de-urgencia-del-otorgmiento-de-subsidio-para-recuperacion-de-empleo-formal-y-otras-medidas\/\" \/>\n<meta property=\"og:locale\" content=\"es_ES\" \/>\n<meta property=\"og:type\" content=\"article\" \/>\n<meta property=\"og:title\" content=\"Collave&amp;Asociados Consultora\" \/>\n<meta property=\"og:description\" content=\"&quot;Potencia tu PYME con soluciones de consultor\u00eda tributaria, contable, laboral y de gesti\u00f3n empresarial. Nuestro equipo de expertos te guiar\u00e1 hacia la eficiencia, el cumplimiento y el crecimiento&quot;.\" \/>\n<meta property=\"og:url\" content=\"https:\/\/cyaconsultora.com\/index.php\/2021\/02\/23\/modifican-decreto-de-urgencia-del-otorgmiento-de-subsidio-para-recuperacion-de-empleo-formal-y-otras-medidas\/\" \/>\n<meta property=\"article:publisher\" content=\"https:\/\/www.facebook.com\/Cyaconsultorasac\" \/>\n<meta property=\"article:published_time\" content=\"2021-02-23T12:55:33+00:00\" \/>\n<meta property=\"article:modified_time\" content=\"2021-02-23T12:55:35+00:00\" \/>\n<meta property=\"og:image\" content=\"https:\/\/cyaconsultora.com\/wp-content\/uploads\/2021\/02\/formato-noticias-collave-SIN-IMAGEN.png\" \/>\n\t<meta property=\"og:image:width\" content=\"930\" \/>\n\t<meta property=\"og:image:height\" content=\"620\" \/>\n\t<meta property=\"og:image:type\" content=\"image\/png\" \/>\n<meta name=\"author\" content=\"comunity\" \/>\n<meta name=\"twitter:card\" content=\"summary_large_image\" \/>\n<meta name=\"twitter:creator\" content=\"@cyaconsultora\" \/>\n<meta name=\"twitter:site\" content=\"@cyaconsultora\" \/>\n<meta name=\"twitter:label1\" content=\"Written by\" \/>\n\t<meta name=\"twitter:data1\" content=\"comunity\" \/>\n\t<meta name=\"twitter:label2\" content=\"Est. reading time\" \/>\n\t<meta name=\"twitter:data2\" content=\"2 minutos\" \/>\n<script type=\"application\/ld+json\" class=\"yoast-schema-graph\">{\"@context\":\"https:\/\/schema.org\",\"@graph\":[{\"@type\":\"Article\",\"@id\":\"https:\/\/cyaconsultora.com\/index.php\/2021\/02\/23\/modifican-decreto-de-urgencia-del-otorgmiento-de-subsidio-para-recuperacion-de-empleo-formal-y-otras-medidas\/#article\",\"isPartOf\":{\"@id\":\"https:\/\/cyaconsultora.com\/index.php\/2021\/02\/23\/modifican-decreto-de-urgencia-del-otorgmiento-de-subsidio-para-recuperacion-de-empleo-formal-y-otras-medidas\/\"},\"author\":{\"name\":\"comunity\",\"@id\":\"https:\/\/cyaconsultora.com\/#\/schema\/person\/96c7127ea4233a25ddbd3a0bd11c0d7e\"},\"headline\":\"MODIFICAN DECRETO DE URGENCIA DEL OTORGMIENTO DE SUBSIDIO PARA RECUPERACION DE EMPLEO FORMAL Y OTRAS MEDIDAS.\",\"datePublished\":\"2021-02-23T12:55:33+00:00\",\"dateModified\":\"2021-02-23T12:55:35+00:00\",\"mainEntityOfPage\":{\"@id\":\"https:\/\/cyaconsultora.com\/index.php\/2021\/02\/23\/modifican-decreto-de-urgencia-del-otorgmiento-de-subsidio-para-recuperacion-de-empleo-formal-y-otras-medidas\/\"},\"wordCount\":394,\"commentCount\":0,\"publisher\":{\"@id\":\"https:\/\/cyaconsultora.com\/#organization\"},\"inLanguage\":\"es-PE\",\"potentialAction\":[{\"@type\":\"CommentAction\",\"name\":\"Comment\",\"target\":[\"https:\/\/cyaconsultora.com\/index.php\/2021\/02\/23\/modifican-decreto-de-urgencia-del-otorgmiento-de-subsidio-para-recuperacion-de-empleo-formal-y-otras-medidas\/#respond\"]}]},{\"@type\":\"WebPage\",\"@id\":\"https:\/\/cyaconsultora.com\/index.php\/2021\/02\/23\/modifican-decreto-de-urgencia-del-otorgmiento-de-subsidio-para-recuperacion-de-empleo-formal-y-otras-medidas\/\",\"url\":\"https:\/\/cyaconsultora.com\/index.php\/2021\/02\/23\/modifican-decreto-de-urgencia-del-otorgmiento-de-subsidio-para-recuperacion-de-empleo-formal-y-otras-medidas\/\",\"name\":\"Collave&Asociados Consultora\",\"isPartOf\":{\"@id\":\"https:\/\/cyaconsultora.com\/#website\"},\"datePublished\":\"2021-02-23T12:55:33+00:00\",\"dateModified\":\"2021-02-23T12:55:35+00:00\",\"description\":\"\\\"Potencia tu PYME con soluciones de consultor\u00eda tributaria, contable, laboral y de gesti\u00f3n empresarial. Nuestro equipo de expertos te guiar\u00e1 hacia la eficiencia, el cumplimiento y el crecimiento\\\".\",\"breadcrumb\":{\"@id\":\"https:\/\/cyaconsultora.com\/index.php\/2021\/02\/23\/modifican-decreto-de-urgencia-del-otorgmiento-de-subsidio-para-recuperacion-de-empleo-formal-y-otras-medidas\/#breadcrumb\"},\"inLanguage\":\"es-PE\",\"potentialAction\":[{\"@type\":\"ReadAction\",\"target\":[\"https:\/\/cyaconsultora.com\/index.php\/2021\/02\/23\/modifican-decreto-de-urgencia-del-otorgmiento-de-subsidio-para-recuperacion-de-empleo-formal-y-otras-medidas\/\"]}]},{\"@type\":\"BreadcrumbList\",\"@id\":\"https:\/\/cyaconsultora.com\/index.php\/2021\/02\/23\/modifican-decreto-de-urgencia-del-otorgmiento-de-subsidio-para-recuperacion-de-empleo-formal-y-otras-medidas\/#breadcrumb\",\"itemListElement\":[{\"@type\":\"ListItem\",\"position\":1,\"name\":\"Portada\",\"item\":\"https:\/\/cyaconsultora.com\/\"},{\"@type\":\"ListItem\",\"position\":2,\"name\":\"MODIFICAN DECRETO DE URGENCIA DEL OTORGMIENTO DE SUBSIDIO PARA RECUPERACION DE EMPLEO FORMAL Y OTRAS MEDIDAS.\"}]},{\"@type\":\"WebSite\",\"@id\":\"https:\/\/cyaconsultora.com\/#website\",\"url\":\"https:\/\/cyaconsultora.com\/\",\"name\":\"Collave&Asociados Consultora\",\"description\":\"\",\"publisher\":{\"@id\":\"https:\/\/cyaconsultora.com\/#organization\"},\"potentialAction\":[{\"@type\":\"SearchAction\",\"target\":{\"@type\":\"EntryPoint\",\"urlTemplate\":\"https:\/\/cyaconsultora.com\/?s={search_term_string}\"},\"query-input\":\"required name=search_term_string\"}],\"inLanguage\":\"es-PE\"},{\"@type\":\"Organization\",\"@id\":\"https:\/\/cyaconsultora.com\/#organization\",\"name\":\"Collave&Asociados Consultora\",\"alternateName\":\"C&A\",\"url\":\"https:\/\/cyaconsultora.com\/\",\"logo\":{\"@type\":\"ImageObject\",\"inLanguage\":\"es-PE\",\"@id\":\"https:\/\/cyaconsultora.com\/#\/schema\/logo\/image\/\",\"url\":\"https:\/\/cyaconsultora.com\/wp-content\/uploads\/2021\/01\/cropped-LOGO-COLLAVE-vectorizado.png\",\"contentUrl\":\"https:\/\/cyaconsultora.com\/wp-content\/uploads\/2021\/01\/cropped-LOGO-COLLAVE-vectorizado.png\",\"width\":795,\"height\":362,\"caption\":\"Collave&Asociados Consultora\"},\"image\":{\"@id\":\"https:\/\/cyaconsultora.com\/#\/schema\/logo\/image\/\"},\"sameAs\":[\"https:\/\/www.facebook.com\/Cyaconsultorasac\",\"https:\/\/twitter.com\/cyaconsultora\",\"https:\/\/www.instagram.com\/cyaconsultora\/\",\"https:\/\/www.linkedin.com\/company\/collave-asociados-consultora\/\",\"https:\/\/www.youtube.com\/channel\/UC_xWqksE9BZ1MSBHTo_pI-Q\"]},{\"@type\":\"Person\",\"@id\":\"https:\/\/cyaconsultora.com\/#\/schema\/person\/96c7127ea4233a25ddbd3a0bd11c0d7e\",\"name\":\"comunity\",\"image\":{\"@type\":\"ImageObject\",\"inLanguage\":\"es-PE\",\"@id\":\"https:\/\/cyaconsultora.com\/#\/schema\/person\/image\/\",\"url\":\"https:\/\/secure.gravatar.com\/avatar\/1161501f65c5dea1eb8e12bd7985d859b3add1f343e1d027747182171ef08965?s=96&d=mm&r=g\",\"contentUrl\":\"https:\/\/secure.gravatar.com\/avatar\/1161501f65c5dea1eb8e12bd7985d859b3add1f343e1d027747182171ef08965?s=96&d=mm&r=g\",\"caption\":\"comunity\"},\"sameAs\":[\"http:\/\/comunity\"],\"url\":\"https:\/\/cyaconsultora.com\/index.php\/author\/comunity\/\"}]}<\/script>\n<!-- \/ Yoast SEO plugin. -->","yoast_head_json":{"title":"Collave&Asociados Consultora","description":"\"Potencia tu PYME con soluciones de consultor\u00eda tributaria, contable, laboral y de gesti\u00f3n empresarial. Nuestro equipo de expertos te guiar\u00e1 hacia la eficiencia, el cumplimiento y el crecimiento\".","robots":{"index":"index","follow":"follow","max-snippet":"max-snippet:-1","max-image-preview":"max-image-preview:large","max-video-preview":"max-video-preview:-1"},"canonical":"https:\/\/cyaconsultora.com\/index.php\/2021\/02\/23\/modifican-decreto-de-urgencia-del-otorgmiento-de-subsidio-para-recuperacion-de-empleo-formal-y-otras-medidas\/","og_locale":"es_ES","og_type":"article","og_title":"Collave&Asociados Consultora","og_description":"\"Potencia tu PYME con soluciones de consultor\u00eda tributaria, contable, laboral y de gesti\u00f3n empresarial. Nuestro equipo de expertos te guiar\u00e1 hacia la eficiencia, el cumplimiento y el crecimiento\".","og_url":"https:\/\/cyaconsultora.com\/index.php\/2021\/02\/23\/modifican-decreto-de-urgencia-del-otorgmiento-de-subsidio-para-recuperacion-de-empleo-formal-y-otras-medidas\/","article_publisher":"https:\/\/www.facebook.com\/Cyaconsultorasac","article_published_time":"2021-02-23T12:55:33+00:00","article_modified_time":"2021-02-23T12:55:35+00:00","og_image":[{"width":930,"height":620,"url":"https:\/\/cyaconsultora.com\/wp-content\/uploads\/2021\/02\/formato-noticias-collave-SIN-IMAGEN.png","type":"image\/png"}],"author":"comunity","twitter_card":"summary_large_image","twitter_creator":"@cyaconsultora","twitter_site":"@cyaconsultora","twitter_misc":{"Written by":"comunity","Est. reading time":"2 minutos"},"schema":{"@context":"https:\/\/schema.org","@graph":[{"@type":"Article","@id":"https:\/\/cyaconsultora.com\/index.php\/2021\/02\/23\/modifican-decreto-de-urgencia-del-otorgmiento-de-subsidio-para-recuperacion-de-empleo-formal-y-otras-medidas\/#article","isPartOf":{"@id":"https:\/\/cyaconsultora.com\/index.php\/2021\/02\/23\/modifican-decreto-de-urgencia-del-otorgmiento-de-subsidio-para-recuperacion-de-empleo-formal-y-otras-medidas\/"},"author":{"name":"comunity","@id":"https:\/\/cyaconsultora.com\/#\/schema\/person\/96c7127ea4233a25ddbd3a0bd11c0d7e"},"headline":"MODIFICAN DECRETO DE URGENCIA DEL OTORGMIENTO DE SUBSIDIO PARA RECUPERACION DE EMPLEO FORMAL Y OTRAS MEDIDAS.","datePublished":"2021-02-23T12:55:33+00:00","dateModified":"2021-02-23T12:55:35+00:00","mainEntityOfPage":{"@id":"https:\/\/cyaconsultora.com\/index.php\/2021\/02\/23\/modifican-decreto-de-urgencia-del-otorgmiento-de-subsidio-para-recuperacion-de-empleo-formal-y-otras-medidas\/"},"wordCount":394,"commentCount":0,"publisher":{"@id":"https:\/\/cyaconsultora.com\/#organization"},"inLanguage":"es-PE","potentialAction":[{"@type":"CommentAction","name":"Comment","target":["https:\/\/cyaconsultora.com\/index.php\/2021\/02\/23\/modifican-decreto-de-urgencia-del-otorgmiento-de-subsidio-para-recuperacion-de-empleo-formal-y-otras-medidas\/#respond"]}]},{"@type":"WebPage","@id":"https:\/\/cyaconsultora.com\/index.php\/2021\/02\/23\/modifican-decreto-de-urgencia-del-otorgmiento-de-subsidio-para-recuperacion-de-empleo-formal-y-otras-medidas\/","url":"https:\/\/cyaconsultora.com\/index.php\/2021\/02\/23\/modifican-decreto-de-urgencia-del-otorgmiento-de-subsidio-para-recuperacion-de-empleo-formal-y-otras-medidas\/","name":"Collave&Asociados Consultora","isPartOf":{"@id":"https:\/\/cyaconsultora.com\/#website"},"datePublished":"2021-02-23T12:55:33+00:00","dateModified":"2021-02-23T12:55:35+00:00","description":"\"Potencia tu PYME con soluciones de consultor\u00eda tributaria, contable, laboral y de gesti\u00f3n empresarial. Nuestro equipo de expertos te guiar\u00e1 hacia la eficiencia, el cumplimiento y el crecimiento\".","breadcrumb":{"@id":"https:\/\/cyaconsultora.com\/index.php\/2021\/02\/23\/modifican-decreto-de-urgencia-del-otorgmiento-de-subsidio-para-recuperacion-de-empleo-formal-y-otras-medidas\/#breadcrumb"},"inLanguage":"es-PE","potentialAction":[{"@type":"ReadAction","target":["https:\/\/cyaconsultora.com\/index.php\/2021\/02\/23\/modifican-decreto-de-urgencia-del-otorgmiento-de-subsidio-para-recuperacion-de-empleo-formal-y-otras-medidas\/"]}]},{"@type":"BreadcrumbList","@id":"https:\/\/cyaconsultora.com\/index.php\/2021\/02\/23\/modifican-decreto-de-urgencia-del-otorgmiento-de-subsidio-para-recuperacion-de-empleo-formal-y-otras-medidas\/#breadcrumb","itemListElement":[{"@type":"ListItem","position":1,"name":"Portada","item":"https:\/\/cyaconsultora.com\/"},{"@type":"ListItem","position":2,"name":"MODIFICAN DECRETO DE URGENCIA DEL OTORGMIENTO DE SUBSIDIO PARA RECUPERACION DE EMPLEO FORMAL Y OTRAS MEDIDAS."}]},{"@type":"WebSite","@id":"https:\/\/cyaconsultora.com\/#website","url":"https:\/\/cyaconsultora.com\/","name":"Collave&Asociados Consultora","description":"","publisher":{"@id":"https:\/\/cyaconsultora.com\/#organization"},"potentialAction":[{"@type":"SearchAction","target":{"@type":"EntryPoint","urlTemplate":"https:\/\/cyaconsultora.com\/?s={search_term_string}"},"query-input":"required name=search_term_string"}],"inLanguage":"es-PE"},{"@type":"Organization","@id":"https:\/\/cyaconsultora.com\/#organization","name":"Collave&Asociados Consultora","alternateName":"C&A","url":"https:\/\/cyaconsultora.com\/","logo":{"@type":"ImageObject","inLanguage":"es-PE","@id":"https:\/\/cyaconsultora.com\/#\/schema\/logo\/image\/","url":"https:\/\/cyaconsultora.com\/wp-content\/uploads\/2021\/01\/cropped-LOGO-COLLAVE-vectorizado.png","contentUrl":"https:\/\/cyaconsultora.com\/wp-content\/uploads\/2021\/01\/cropped-LOGO-COLLAVE-vectorizado.png","width":795,"height":362,"caption":"Collave&Asociados Consultora"},"image":{"@id":"https:\/\/cyaconsultora.com\/#\/schema\/logo\/image\/"},"sameAs":["https:\/\/www.facebook.com\/Cyaconsultorasac","https:\/\/twitter.com\/cyaconsultora","https:\/\/www.instagram.com\/cyaconsultora\/","https:\/\/www.linkedin.com\/company\/collave-asociados-consultora\/","https:\/\/www.youtube.com\/channel\/UC_xWqksE9BZ1MSBHTo_pI-Q"]},{"@type":"Person","@id":"https:\/\/cyaconsultora.com\/#\/schema\/person\/96c7127ea4233a25ddbd3a0bd11c0d7e","name":"comunity","image":{"@type":"ImageObject","inLanguage":"es-PE","@id":"https:\/\/cyaconsultora.com\/#\/schema\/person\/image\/","url":"https:\/\/secure.gravatar.com\/avatar\/1161501f65c5dea1eb8e12bd7985d859b3add1f343e1d027747182171ef08965?s=96&d=mm&r=g","contentUrl":"https:\/\/secure.gravatar.com\/avatar\/1161501f65c5dea1eb8e12bd7985d859b3add1f343e1d027747182171ef08965?s=96&d=mm&r=g","caption":"comunity"},"sameAs":["http:\/\/comunity"],"url":"https:\/\/cyaconsultora.com\/index.php\/author\/comunity\/"}]}},"_links":{"self":[{"href":"https:\/\/cyaconsultora.com\/index.php\/wp-json\/wp\/v2\/posts\/2594","targetHints":{"allow":["GET"]}}],"collection":[{"href":"https:\/\/cyaconsultora.com\/index.php\/wp-json\/wp\/v2\/posts"}],"about":[{"href":"https:\/\/cyaconsultora.com\/index.php\/wp-json\/wp\/v2\/types\/post"}],"author":[{"embeddable":true,"href":"https:\/\/cyaconsultora.com\/index.php\/wp-json\/wp\/v2\/users\/2"}],"replies":[{"embeddable":true,"href":"https:\/\/cyaconsultora.com\/index.php\/wp-json\/wp\/v2\/comments?post=2594"}],"version-history":[{"count":1,"href":"https:\/\/cyaconsultora.com\/index.php\/wp-json\/wp\/v2\/posts\/2594\/revisions"}],"predecessor-version":[{"id":2596,"href":"https:\/\/cyaconsultora.com\/index.php\/wp-json\/wp\/v2\/posts\/2594\/revisions\/2596"}],"wp:featuredmedia":[{"embeddable":true,"href":"https:\/\/cyaconsultora.com\/index.php\/wp-json\/wp\/v2\/media\/2595"}],"wp:attachment":[{"href":"https:\/\/cyaconsultora.com\/index.php\/wp-json\/wp\/v2\/media?parent=2594"}],"wp:term":[{"taxonomy":"category","embeddable":true,"href":"https:\/\/cyaconsultora.com\/index.php\/wp-json\/wp\/v2\/categories?post=2594"},{"taxonomy":"post_tag","embeddable":true,"href":"https:\/\/cyaconsultora.com\/index.php\/wp-json\/wp\/v2\/tags?post=2594"}],"curies":[{"name":"wp","href":"https:\/\/api.w.org\/{rel}","templated":true}]}}